{"id":1899,"date":"2026-06-01T11:36:58","date_gmt":"2026-06-01T11:36:58","guid":{"rendered":"https:\/\/magrid.education\/autism-and-dyslexia-key-differences-and-overlaps\/"},"modified":"2026-07-16T09:49:42","modified_gmt":"2026-07-16T09:49:42","slug":"autismo-e-dislexia-principais-diferencas-e-semelhancas","status":"publish","type":"post","link":"https:\/\/magrid.education\/pt\/autism-and-dyslexia-key-differences-and-overlaps\/","title":{"rendered":"Autismo vs. dislexia: diferen\u00e7as, sinais e dicas de apoio"},"content":{"rendered":"<div data-elementor-type=\"wp-post\" data-elementor-id=\"1899\" class=\"elementor elementor-1899\" data-elementor-post-type=\"post\">\n\t\t\t\t\t\t<section class=\"elementor-section elementor-top-section elementor-element elementor-element-2d4b216 elementor-section-boxed elementor-section-height-default elementor-section-height-default\" data-id=\"2d4b216\" data-element_type=\"section\" data-e-type=\"section\">\n\t\t\t\t\t\t<div class=\"elementor-container elementor-column-gap-default\">\n\t\t\t\t\t<div class=\"elementor-column elementor-col-100 elementor-top-column elementor-element elementor-element-9f61adc\" data-id=\"9f61adc\" data-element_type=\"column\" data-e-type=\"column\">\n\t\t\t<div class=\"elementor-widget-wrap elementor-element-populated\">\n\t\t\t\t\t\t<div class=\"elementor-element elementor-element-bf7a709 elementor-widget elementor-widget-text-editor\" data-id=\"bf7a709\" data-element_type=\"widget\" data-e-type=\"widget\" data-widget_type=\"text-editor.default\">\n\t\t\t\t\t\t\t\t\t<article><p><strong>Resposta r\u00e1pida:<\/strong> O transtorno do espectro autista (TEA) afeta principalmente a comunica\u00e7\u00e3o social, o processamento sensorial e o comportamento, enquanto a dislexia \u00e9 um transtorno espec\u00edfico da aprendizagem que afeta a leitura, o reconhecimento de palavras e o processamento fonol\u00f3gico. Ambas s\u00e3o condi\u00e7\u00f5es do desenvolvimento neurol\u00f3gico que podem surgir na primeira inf\u00e2ncia, por vezes sobrepondo-se, e ambas beneficiam da dete\u00e7\u00e3o precoce e de ferramentas de aprendizagem visuais e independentes da linguagem, como o Magrid.<\/p><figure><\/figure><h2><strong><span style=\"color: #3366ff;\">Autismo vs. dislexia: uma vis\u00e3o geral<\/span><\/strong><\/h2><table><thead><tr><th>\u00a0<\/th><th>Perturba\u00e7\u00e3o do Espectro do Autismo (PEA)<\/th><th>Dislexia<\/th><\/tr><\/thead><tbody><tr><td><strong>Principal \u00e1rea afetada<\/strong><\/td><td>Comunica\u00e7\u00e3o social, comportamento, processamento sensorial<\/td><td>Leitura, ortografia, processamento fonol\u00f3gico<\/td><\/tr><tr><td><strong>Sinais precoces t\u00edpicos<\/strong><\/td><td>Atraso no desenvolvimento da linguagem, contacto visual limitado, comportamentos repetitivos<\/td><td>Dificuldade em descodificar palavras, progresso lento na leitura<\/td><\/tr><tr><td><strong>Intera\u00e7\u00e3o social<\/strong><\/td><td>Frequentemente afetados de forma significativa<\/td><td>Normalmente, n\u00e3o \u00e9 diretamente afetado<\/td><\/tr><tr><td><strong>Sensibilidades sensoriais<\/strong><\/td><td>Comum (som, luz, textura)<\/td><td>\u00c9 raro, embora a ansiedade em rela\u00e7\u00e3o \u00e0 leitura seja comum<\/td><\/tr><tr><td><strong>O diagn\u00f3stico envolve normalmente<\/strong><\/td><td>Pediatra especializado em desenvolvimento, psic\u00f3logo, terapeuta da fala<\/td><td>Psic\u00f3logo educativo ou especialista em leitura<\/td><\/tr><tr><td><strong>Estrat\u00e9gias fundamentais de apoio<\/strong><\/td><td>Terapia da fala, terapia comportamental, ambientes adaptados \u00e0s necessidades sensoriais<\/td><td>Programas de leitura estruturados, terapia ocupacional, recursos visuais<\/td><\/tr><tr><td><strong>Podem ocorrer em simult\u00e2neo?<\/strong><\/td><td>Sim, algumas crian\u00e7as apresentam caracter\u00edsticas de ambas<\/td><td>Sim<\/td><\/tr><\/tbody><\/table><h2><strong><span style=\"color: #3366ff;\">O que \u00e9 o Transtorno do Espectro do Autismo?<\/span><\/strong><\/h2><p><a href=\"https:\/\/www.cdc.gov\/ncbddd\/autism\/facts.html\" target=\"_blank\" rel=\"noopener\">Perturba\u00e7\u00e3o do espectro do autismo (PEA)<\/a> \u00e9 uma perturba\u00e7\u00e3o do desenvolvimento neurol\u00f3gico que afeta a intera\u00e7\u00e3o social, a comunica\u00e7\u00e3o e o comportamento. As crian\u00e7as autistas podem apresentar atrasos na aquisi\u00e7\u00e3o da linguagem, comportamentos repetitivos e dificuldade em interpretar sinais sociais. As hipersensibilidades sensoriais \u2014 ao som, \u00e0 luz ou \u00e0 textura \u2014 tamb\u00e9m s\u00e3o comuns e podem tornar os ambientes escolares do dia a dia muito opressivos.<\/p><p>Uma vez que o TEA \u00e9 um espectro, a gravidade varia consideravelmente de crian\u00e7a para crian\u00e7a. Uma avalia\u00e7\u00e3o precoce e abrangente realizada por uma equipa multidisciplinar (pediatra especializado em desenvolvimento, psic\u00f3logo, terapeuta da fala) permite interven\u00e7\u00f5es como a terapia da fala e a terapia comportamental, que melhoram a comunica\u00e7\u00e3o e a intera\u00e7\u00e3o social.<\/p><h2><strong><span style=\"color: #3366ff;\">O que \u00e9 a dislexia?<\/span><\/strong><\/h2><p><a href=\"https:\/\/dyslexiaida.org\/definition-of-dyslexia\/\" target=\"_blank\" rel=\"noopener\">Dislexia<\/a> \u00e9 um dist\u00farbio espec\u00edfico da aprendizagem que tem origem no processamento fonol\u00f3gico, ou seja, na capacidade de associar sons a letras. As crian\u00e7as com dislexia t\u00eam frequentemente dificuldade em descodificar palavras, reconhec\u00ea-las \u00e0 primeira vista e adquirir flu\u00eancia na leitura, o que, por sua vez, afeta a compreens\u00e3o da leitura e a escrita.<\/p><p>Ao contr\u00e1rio do TEA, a dislexia n\u00e3o costuma afetar diretamente a intera\u00e7\u00e3o social, embora as dificuldades acad\u00e9micas repetidas possam, com o tempo, diminuir a confian\u00e7a e a autoestima da crian\u00e7a. O diagn\u00f3stico \u00e9 normalmente feito por um psic\u00f3logo educativo ou por um especialista em leitura, assim que a crian\u00e7a come\u00e7a a ter aulas de leitura na escola.<\/p><figure><img fetchpriority=\"high\" decoding=\"async\" data-recalc-dims=\"1\" class=\"aligncenter\" src=\"https:\/\/i0.wp.com\/magrid.education\/wp-content\/uploads\/2024\/09\/Key-Similarities-and-Differences-Between-Autism-and-Dyslexia.jpg?resize=640%2C400&#038;ssl=1\" alt=\"Principais semelhan\u00e7as e diferen\u00e7as entre o autismo e a dislexia\" width=\"640\" height=\"400\" \/><\/figure><h2><strong><span style=\"color: #3366ff;\">Onde o autismo e a dislexia se sobrep\u00f5em<\/span><\/strong><\/h2><p>Apesar de afetarem diferentes \u00e1reas do desenvolvimento, as duas condi\u00e7\u00f5es apresentam algumas sobreposi\u00e7\u00f5es na pr\u00e1tica:<\/p><ul><li>Ambas podem envolver <strong>atraso no desenvolvimento precoce da linguagem<\/strong>.<\/li><li>Ambos beneficiam enormemente de <strong>detec\u00e7\u00e3o precoce e interven\u00e7\u00e3o precoce<\/strong>.<\/li><li>Ambos podem incluir <strong>dificuldades sensoriais ou relacionadas com a aten\u00e7\u00e3o<\/strong> que tornam mais dif\u00edcil orientar-se numa sala de aula convencional, com muito texto.<\/li><li>Ambos podem <strong>coocorrer<\/strong> na mesma crian\u00e7a, raz\u00e3o pela qual uma avalia\u00e7\u00e3o abrangente e individualizada \u00e9 mais importante do que procurar um \u00fanico r\u00f3tulo.<\/li><\/ul><figure><\/figure><h2><strong><span style=\"color: #3366ff;\">Em que diferem<\/span><\/strong><\/h2><p>A linha divis\u00f3ria mais clara \u00e9 <em>o qu\u00ea<\/em> cada condi\u00e7\u00e3o afeta em primeiro lugar:<\/p><ul><li><strong>Comunica\u00e7\u00e3o social:<\/strong> fundamental no autismo, mas praticamente inexplorado na dislexia.<\/li><li><strong>Leitura e processamento da linguagem:<\/strong> a caracter\u00edstica distintiva da dislexia, e n\u00e3o uma caracter\u00edstica essencial do autismo.<\/li><li><strong>Comportamentos repetitivos e sobrecarga sensorial:<\/strong> comum no autismo, pouco comum na dislexia.<\/li><li><strong>Impacto acad\u00e9mico:<\/strong> Os desafios da dislexia concentram-se na leitura e na escrita; os desafios do autismo s\u00e3o mais abrangentes, abrangendo a comunica\u00e7\u00e3o, a rotina e a aprendizagem social.<\/li><\/ul><figure><img decoding=\"async\" data-recalc-dims=\"1\" class=\"aligncenter\" src=\"https:\/\/i0.wp.com\/magrid.education\/wp-content\/uploads\/2024\/09\/Diagnosis-and-Early-Detection.jpg?resize=640%2C400&#038;ssl=1\" alt=\"Diagn\u00f3stico e dete\u00e7\u00e3o precoce\" width=\"640\" height=\"400\" \/><\/figure><h2><strong><span style=\"color: #3366ff;\">A dete\u00e7\u00e3o precoce \u00e9 importante, para ambos<\/span><\/strong><\/h2><p>Quer uma crian\u00e7a apresente sinais de autismo, dislexia ou ambos, aplica-se o mesmo princ\u00edpio: <strong>quanto mais cedo for identificada uma diferen\u00e7a, mais eficaz ser\u00e1 o apoio.<\/strong> O atraso no desenvolvimento da linguagem, a dificuldade na prepara\u00e7\u00e3o para a leitura ou rea\u00e7\u00f5es sensoriais intensas s\u00e3o, todos eles, motivos para recorrer a um pediatra ou a um especialista escolar, em vez de adotar uma atitude de \u201cesperar para ver\u201d.\u201d<\/p><figure><img decoding=\"async\" data-recalc-dims=\"1\" class=\"aligncenter\" src=\"https:\/\/i0.wp.com\/magrid.education\/wp-content\/uploads\/2024\/09\/Intervention-and-Support-Strategies.jpg?resize=640%2C400&#038;ssl=1\" alt=\"Estrat\u00e9gias de interven\u00e7\u00e3o e apoio\" width=\"640\" height=\"400\" \/><\/figure><h2><strong><span style=\"color: #3366ff;\">Como a Magrid apoia crian\u00e7as com autismo, dislexia e outras dificuldades de aprendizagem<\/span><\/strong><\/h2><p>A maioria das ferramentas de aprendizagem precoce da matem\u00e1tica parte do princ\u00edpio de que todas as crian\u00e7as l\u00eaem e processam a linguagem da mesma forma, e \u00e9 precisamente a\u00ed que as crian\u00e7as com autismo, dislexia, TDAH ou discalculia ficam para tr\u00e1s. O Magrid foi concebido de forma diferente.<\/p><ul><li><strong>100% visual, n\u00e3o \u00e9 necess\u00e1rio fazer a leitura.<\/strong> O Magrid ensina matem\u00e1tica atrav\u00e9s de atividades visuais e t\u00e1teis, sem instru\u00e7\u00f5es escritas ou orais, eliminando a barreira lingu\u00edstica que dificulta a aprendizagem de muitas crian\u00e7as disl\u00e9xicas e multilingues.<\/li><li><strong>Concebido para atender \u00e0s necessidades sensoriais.<\/strong> A interface adapta o n\u00edvel de dificuldade ao ritmo de cada crian\u00e7a e foi concebida para reduzir a sobrecarga sensorial, constituindo uma resposta direta \u00e0s sensibilidades comuns no autismo.<\/li><li><strong>Baseado em investiga\u00e7\u00e3o, n\u00e3o em suposi\u00e7\u00f5es.<\/strong> O Magrid surgiu na sequ\u00eancia de mais de uma d\u00e9cada de investiga\u00e7\u00e3o em ci\u00eancias cognitivas na Universidade do Luxemburgo e foi validado em ensaios realizados em escolas de v\u00e1rios pa\u00edses.<\/li><li><strong>Em escala real.<\/strong> Mais de 60 000 alunos e 42 000 fam\u00edlias utilizam atualmente o Magrid em todo o mundo, incluindo em programas nacionais de implementa\u00e7\u00e3o escolar (Luxemburgo) e projetos-piloto de educa\u00e7\u00e3o inclusiva.<\/li><\/ul><p>Se o seu filho apresentar sinais de autismo, dislexia ou simplesmente tiver uma forma diferente de aprender, uma abordagem \u00e0 matem\u00e1tica na primeira inf\u00e2ncia que n\u00e3o recorra \u00e0 linguagem pode eliminar uma das principais fontes de frustra\u00e7\u00e3o di\u00e1ria, tanto para a crian\u00e7a como para si.<\/p><p><a href=\"https:\/\/magrid.education\/pt\/contacto\/\"><strong>Experimente uma demonstra\u00e7\u00e3o gratuita do Magrid \u2192<\/strong><\/a><br \/><a href=\"https:\/\/magrid.education\/pt\/educacao-inclusiva\/\"><strong>Veja como o Magrid apoia os alunos com neurodiversidade \u2192<\/strong><\/a><\/p><figure><\/figure><h2><strong><span style=\"color: #3366ff;\">Lidar com os desafios do autismo e da dislexia<\/span><\/strong><\/h2><p>Tanto o autismo como a dislexia representam verdadeiros desafios, mas a dete\u00e7\u00e3o precoce e o apoio adequado fazem toda a diferen\u00e7a a longo prazo. O autismo afeta principalmente a comunica\u00e7\u00e3o social e o processamento sensorial, enquanto a dislexia centra-se na leitura e no processamento da linguagem; compreender essa distin\u00e7\u00e3o \u00e9 o primeiro passo para proporcionar \u00e0 crian\u00e7a o tipo de ajuda adequado. Com um apoio personalizado por parte dos pais, educadores e especialistas, e ferramentas concebidas de acordo com a forma como cada crian\u00e7a aprende, as crian\u00e7as com autismo, dislexia ou ambos podem ganhar confian\u00e7a e prosperar.<\/p><\/article><p><!-- Image note: Only the featured image exists for this post on the live site (Autism-and-Dyslexia-Key-Differences-and-Overlaps.webp). There is no other image embedded in the article body \u2014 none was found in the actual WordPress post content, which was itself empty at the time this was extracted. Editorial notes (remove before publishing): - H1 left unstyled, as requested. - H2\/H3 use span color #3366ff, matching your existing article style. - Lists and tables left in plain default markup, no forced styling, per your instructions. - 2 external authority links added at the first substantive mention of each clinical term: - \"autism spectrum disorder (ASD)\" -> CDC<br \/>  - \"dyslexia\" -> International Dyslexia Association<br \/>  Swap these for NHS or an internal Magrid\/University of Luxembourg study if you have a confirmed URL.<br \/>- FAQ schema (JSON-LD) is in the <head>. If this gets published via WordPress, note that pasting content into the visual editor may strip the <head> script \u2014 it would need to go through a plugin (Yoast\/RankMath) or a theme header hook instead.<br \/>--><\/p>\t\t\t\t\t\t\t\t<\/div>\n\t\t\t\t\t<\/div>\n\t\t<\/div>\n\t\t\t\t\t<\/div>\n\t\t<\/section>\n\t\t\t\t<section class=\"elementor-section elementor-top-section elementor-element elementor-element-8e02cff elementor-section-boxed elementor-section-height-default elementor-section-height-default\" data-id=\"8e02cff\" data-element_type=\"section\" data-e-type=\"section\">\n\t\t\t\t\t\t<div class=\"elementor-container elementor-column-gap-default\">\n\t\t\t\t\t<div class=\"elementor-column elementor-col-100 elementor-top-column elementor-element elementor-element-94476c4\" data-id=\"94476c4\" data-element_type=\"column\" data-e-type=\"column\">\n\t\t\t<div class=\"elementor-widget-wrap elementor-element-populated\">\n\t\t\t\t\t\t<div class=\"elementor-element elementor-element-04fd11b elementor-widget elementor-widget-text-editor\" data-id=\"04fd11b\" data-element_type=\"widget\" data-e-type=\"widget\" data-widget_type=\"text-editor.default\">\n\t\t\t\t\t\t\t\t\t<h2><strong><span style=\"color: #3366ff;\">Perguntas frequentes<\/span><\/strong><\/h2>\t\t\t\t\t\t\t\t<\/div>\n\t\t\t\t\t<\/div>\n\t\t<\/div>\n\t\t\t\t\t<\/div>\n\t\t<\/section>\n\t\t\t\t<\/div>","protected":false},"excerpt":{"rendered":"<p>Quick answer: Autism spectrum disorder (ASD) mainly affects social communication, sensory processing, and behavior, while dyslexia is a specific learning disorder that affects reading, word recognition, and phonological processing. Both are neurodevelopmental conditions that can appear in early childhood, sometimes overlap, and both benefit from early detection and visual, language-independent learning tools such as Magrid. [&hellip;]<\/p>\n","protected":false},"author":1,"featured_media":2121,"comment_status":"open","ping_status":"open","sticky":false,"template":"","format":"standard","meta":{"inline_featured_image":false,"_wpcom_ai_launchpad_first_post":false,"footnotes":""},"categories":[1],"tags":[],"class_list":["post-1899","post","type-post","status-publish","format-standard","has-post-thumbnail","hentry","category-uncategorized"],"jetpack_shortlink":"https:\/\/wp.me\/pbG2q8-uD","jetpack_featured_media_url":"https:\/\/i0.wp.com\/magrid.education\/wp-content\/uploads\/2026\/06\/Autism-and-Dyslexia-Key-Differences-and-Overlaps.webp?fit=1200%2C750&ssl=1","_links":{"self":[{"href":"https:\/\/magrid.education\/pt\/wp-json\/wp\/v2\/posts\/1899","targetHints":{"allow":["GET"]}}],"collection":[{"href":"https:\/\/magrid.education\/pt\/wp-json\/wp\/v2\/posts"}],"about":[{"href":"https:\/\/magrid.education\/pt\/wp-json\/wp\/v2\/types\/post"}],"author":[{"embeddable":true,"href":"https:\/\/magrid.education\/pt\/wp-json\/wp\/v2\/users\/1"}],"replies":[{"embeddable":true,"href":"https:\/\/magrid.education\/pt\/wp-json\/wp\/v2\/comments?post=1899"}],"version-history":[{"count":14,"href":"https:\/\/magrid.education\/pt\/wp-json\/wp\/v2\/posts\/1899\/revisions"}],"predecessor-version":[{"id":4084,"href":"https:\/\/magrid.education\/pt\/wp-json\/wp\/v2\/posts\/1899\/revisions\/4084"}],"wp:featuredmedia":[{"embeddable":true,"href":"https:\/\/magrid.education\/pt\/wp-json\/wp\/v2\/media\/2121"}],"wp:attachment":[{"href":"https:\/\/magrid.education\/pt\/wp-json\/wp\/v2\/media?parent=1899"}],"wp:term":[{"taxonomy":"category","embeddable":true,"href":"https:\/\/magrid.education\/pt\/wp-json\/wp\/v2\/categories?post=1899"},{"taxonomy":"post_tag","embeddable":true,"href":"https:\/\/magrid.education\/pt\/wp-json\/wp\/v2\/tags?post=1899"}],"curies":[{"name":"wp","href":"https:\/\/api.w.org\/{rel}","templated":true}]}}